{"id":140,"date":"2023-08-07T08:42:48","date_gmt":"2023-08-07T11:42:48","guid":{"rendered":"https:\/\/marcapacita.com\/?p=140"},"modified":"2023-08-07T08:42:49","modified_gmt":"2023-08-07T11:42:49","slug":"etapas-registro-marca","status":"publish","type":"post","link":"https:\/\/marcapacita.com\/index.php\/2023\/08\/07\/etapas-registro-marca\/","title":{"rendered":"Protocolei o meu Pedido de Registro de Marca, e agora?"},"content":{"rendered":"\n<figure class=\"wp-block-image size-large\"><img decoding=\"async\" width=\"1024\" height=\"576\" src=\"https:\/\/marcapacita.com\/wp-content\/uploads\/2023\/08\/Design-sem-nome-1-1024x576.png\" alt=\"\" class=\"wp-image-141\" srcset=\"https:\/\/marcapacita.com\/wp-content\/uploads\/2023\/08\/Design-sem-nome-1-1024x576.png 1024w, https:\/\/marcapacita.com\/wp-content\/uploads\/2023\/08\/Design-sem-nome-1-300x169.png 300w, https:\/\/marcapacita.com\/wp-content\/uploads\/2023\/08\/Design-sem-nome-1-768x432.png 768w, https:\/\/marcapacita.com\/wp-content\/uploads\/2023\/08\/Design-sem-nome-1-1536x864.png 1536w, https:\/\/marcapacita.com\/wp-content\/uploads\/2023\/08\/Design-sem-nome-1-600x338.png 600w, https:\/\/marcapacita.com\/wp-content\/uploads\/2023\/08\/Design-sem-nome-1.png 1920w\" sizes=\"(max-width: 1024px) 100vw, 1024px\" \/><\/figure>\n\n\n\n<p><\/p>\n\n\n\n<p>De todas as etapas envolvidas no registro de marca, talvez protocolar o pedido seja a parte mais f\u00e1cil. Isso porque h\u00e1 um trabalho anterior de an\u00e1lise e estudo bastante relevante e tamb\u00e9m h\u00e1 uma etapa posterior, que precisa ser acompanhada com conhecimento adequado.<\/p>\n\n\n\n<p>Pensando nisso, n\u00f3s resolvemos trazer esse conte\u00fado para voc\u00ea! Vamos te contar nesse post todas as etapas envolvidas desde o dep\u00f3sito do pedido at\u00e9 a concess\u00e3o do registro.<\/p>\n\n\n\n<p>Com essas informa\u00e7\u00f5es, voc\u00ea ter\u00e1 mais tranquilidade para aguardar a tramita\u00e7\u00e3o e ter\u00e1 condi\u00e7\u00f5es de ter conversas t\u00e9cnicas com as pessoas respons\u00e1veis pelo processo, caso tenha contratado algu\u00e9m para fazer isso.<\/p>\n\n\n\n<p>Por falar nisso, aqui no blog n\u00f3s desenvolvemos um material completo, chamado <a href=\"https:\/\/marcapacita.com\/index.php\/curso-registro-marca\/\" target=\"_blank\" rel=\"noreferrer noopener\">Curso de Registro de Marcas: Teoria e Pr\u00e1tica<\/a>. Nele, voc\u00ea encontrar\u00e1 esse e outros assuntos important\u00edssimos para registrar sua pr\u00f3pria marca ou monetizar esse conhecimento fazer o registro para outros empreenderes.\u00a0<\/p>\n\n\n\n<h3 class=\"wp-block-heading\"><strong>1. Exame Formal &#8211; A Primeira Etapa do Processo<\/strong><\/h3>\n\n\n\n<p>Ap\u00f3s fazer o dep\u00f3sito ou protocolo do pedido de registro, ele passa por uma etapa inicial chamada &#8220;Exame Formal&#8221;. Nessa fase, o Instituto Nacional da Propriedade Industrial (INPI) verifica se todas as condi\u00e7\u00f5es formais necess\u00e1rias foram atendidas para dar continuidade ao processo.<\/p>\n\n\n\n<p>A primeira verifica\u00e7\u00e3o realizada refere-se ao pagamento da retribui\u00e7\u00e3o relativa ao pedido de registro. \u00c9 fundamental garantir que o pagamento seja realizado at\u00e9 a data do envio do pedido e que corresponda ao valor exato estabelecido na <a href=\"https:\/\/www.gov.br\/inpi\/pt-br\/servicos\/tabelas-de-retribuicao\/tabela-marcas.pdf\" target=\"_blank\" rel=\"noreferrer noopener\">Tabela de Retribui\u00e7\u00f5es<\/a>. Para comprovar o pagamento, o requerente deve enviar os devidos comprovantes junto ao pedido de registro.<\/p>\n\n\n\n<h3 class=\"wp-block-heading\"><strong>2. Cumprindo uma Exig\u00eancia Formal<\/strong><\/h3>\n\n\n\n<p>Caso seja identificada alguma inconsist\u00eancia ou incorre\u00e7\u00e3o nos dados do pedido, o INPI pode formular uma &#8220;exig\u00eancia formal&#8221; para sanear essas quest\u00f5es. Se isso acontecer, o requerente deve cumprir a exig\u00eancia dentro do prazo de 5 dias cont\u00ednuos a partir da data da publica\u00e7\u00e3o da mesma.&nbsp;<\/p>\n\n\n\n<p>O cumprimento da exig\u00eancia deve ser feito por meio do preenchimento de um formul\u00e1rio espec\u00edfico e do pagamento das retribui\u00e7\u00f5es relacionadas, quando aplic\u00e1vel.<\/p>\n\n\n\n<p>\u00c9 importante lembrar que o cumprimento adequado das exig\u00eancias \u00e9 essencial para dar prosseguimento ao processo de registro.<\/p>\n\n\n\n<h3 class=\"wp-block-heading\"><strong>3. Publica\u00e7\u00e3o do Pedido &#8211; Aberto para Poss\u00edveis Oposi\u00e7\u00f5es<\/strong><\/h3>\n\n\n\n<p>Ap\u00f3s o cumprimento das exig\u00eancias, caso n\u00e3o haja nenhuma oposi\u00e7\u00e3o, o pedido de registro \u00e9 publicado na <a href=\"http:\/\/revistas.inpi.gov.br\/rpi\/\" target=\"_blank\" rel=\"noreferrer noopener\">Revista da Propriedade Industrial<\/a> (RPI). A partir dessa publica\u00e7\u00e3o, terceiros t\u00eam o prazo de 60 dias para se opor ao registro, caso desejem.<\/p>\n\n\n\n<p>A oposi\u00e7\u00e3o \u00e9 um momento crucial, pois permite que terceiros questionem o registro da marca, alegando, por exemplo, que ela \u00e9 muito similar a uma marca j\u00e1 existente e, portanto, n\u00e3o pode ser registrada. \u00c9 importante estar atento a poss\u00edveis oposi\u00e7\u00f5es e preparado para defender a registrabilidade da sua marca, caso necess\u00e1rio.<\/p>\n\n\n\n<h3 class=\"wp-block-heading\"><strong>4. Exame de M\u00e9rito &#8211; O Detalhado Escrut\u00ednio da Registrabilidade<\/strong><\/h3>\n\n\n\n<p>Ultrapassada a fase de publica\u00e7\u00e3o e oposi\u00e7\u00e3o, o pedido aguarda o &#8220;Exame de M\u00e9rito&#8221;. Nessa etapa, o INPI realiza um exame mais detalhado sobre a registrabilidade da marca. Podem ocorrer republica\u00e7\u00f5es ou formula\u00e7\u00e3o de exig\u00eancias durante esse processo.<\/p>\n\n\n\n<p>O Exame de M\u00e9rito \u00e9 uma etapa cr\u00edtica, e contar com o conhecimento especializado de um profissional pode ser extremamente vantajoso. Profissionais especializados em propriedade intelectual e registro de marcas possuem um entendimento aprofundado das leis e regulamentos relacionados ao registro de marca e podem oferecer orienta\u00e7\u00e3o personalizada para garantir a aprova\u00e7\u00e3o do seu pedido.<\/p>\n\n\n\n<p>Contudo, se voc\u00ea quiser fazer por conta, v\u00e1 com seguran\u00e7a. Leia o nosso <a href=\"https:\/\/marcapacita.com\/index.php\/curso-registro-marca\/\" target=\"_blank\" rel=\"noreferrer noopener\">Curso de Registro de Marcas: teoria e pr\u00e1tica<\/a> e saia tudo que qualquer profissional da \u00e1rea precisa saber para fazer o protocolo e acompanhamento de um pedido de registro de marca.\u00a0<\/p>\n\n\n\n<h3 class=\"wp-block-heading\"><strong>5. Concess\u00e3o e Registro &#8211; A Garantia da Prote\u00e7\u00e3o<\/strong><\/h3>\n\n\n\n<p>Se o exame de m\u00e9rito for favor\u00e1vel, o registro da marca \u00e9 concedido. O requerente deve ent\u00e3o recolher as retribui\u00e7\u00f5es referentes \u00e0 expedi\u00e7\u00e3o do certificado e prote\u00e7\u00e3o ao primeiro dec\u00eanio (10 anos) dentro do prazo de 60 dias cont\u00ednuos ap\u00f3s a publica\u00e7\u00e3o do deferimento na RPI.<\/p>\n\n\n\n<p>O registro concedido passa a vigorar por dez anos a partir da data da concess\u00e3o. A partir desse momento, voc\u00ea tem a seguran\u00e7a de que sua marca est\u00e1 protegida e que voc\u00ea possui o direito exclusivo de uso dela.<\/p>\n\n\n\n<h3 class=\"wp-block-heading\"><strong>6. Recurso e Nulidade &#8211; A Import\u00e2ncia de uma Defesa S\u00f3lida<\/strong><\/h3>\n\n\n\n<p>Em casos em que o pedido de registro \u00e9 indeferido total ou parcialmente, ou quando a marca \u00e9 considerada irregistr\u00e1vel, \u00e9 poss\u00edvel interpor um recurso contra a decis\u00e3o. O recurso deve ser apresentado em at\u00e9 60 dias contados a partir da data de publica\u00e7\u00e3o da decis\u00e3o de indeferimento do pedido.<\/p>\n\n\n\n<p>\u00c9 essencial contar com uma defesa s\u00f3lida nesses casos, garantindo que seus direitos sejam protegidos e que voc\u00ea possa alcan\u00e7ar a concess\u00e3o do registro ap\u00f3s a an\u00e1lise do recurso.<\/p>\n\n\n\n<h3 class=\"wp-block-heading\"><strong>Conclus\u00e3o: Proteja sua Marca com Conhecimento Especializado<\/strong><\/h3>\n\n\n\n<p>Como empreendedor, proteger sua marca \u00e9 uma etapa crucial para garantir o sucesso do seu neg\u00f3cio. Embora seja poss\u00edvel realizar o registro de marca de forma direta, contar com um profissional especializado em propriedade intelectual e registro de marcas pode trazer in\u00fameros benef\u00edcios.<\/p>\n\n\n\n<p><a href=\"https:\/\/marcapacita.com\/index.php\/curso-registro-marca\/\" target=\"_blank\" rel=\"noreferrer noopener\">Nosso curso<\/a> oferece informa\u00e7\u00f5es valiosas para aqueles que desejam se aprofundar no assunto e realizar o registro de forma eficiente e aut\u00f4noma. Al\u00e9m disso, se voc\u00ea preferir contar com o apoio de profissionais especializados, n\u00e3o hesite em buscar o suporte necess\u00e1rio para proteger sua marca de forma s\u00f3lida e confi\u00e1vel.<\/p>\n\n\n\n<p>Proteja sua marca e alcance o sucesso no mercado!<\/p>\n\n\n\n<div class=\"wp-block-buttons is-content-justification-center is-layout-flex wp-container-core-buttons-layout-1 wp-block-buttons-is-layout-flex\">\n<div class=\"wp-block-button is-style-outline\"><a class=\"wp-block-button__link wp-element-button\" href=\"https:\/\/marcapacita.com\/index.php\/curso-registro-marca\/\" target=\"_blank\" rel=\"noreferrer noopener\"><mark style=\"background-color:var(--accent)\" class=\"has-inline-color has-base-3-color\">REGISTRO DE MARCAS: TEORIA E PR\u00c1TICA<\/mark><\/a><\/div>\n<\/div>\n\n\n\n<p><\/p>\n","protected":false},"excerpt":{"rendered":"<p>De todas as etapas envolvidas no registro de marca, talvez protocolar o pedido seja a parte mais f\u00e1cil. Isso porque h\u00e1 um trabalho anterior de an\u00e1lise e estudo bastante relevante e tamb\u00e9m h\u00e1 uma etapa posterior, que precisa ser acompanhada com conhecimento adequado. Pensando nisso, n\u00f3s resolvemos trazer esse conte\u00fado para voc\u00ea! Vamos te contar &#8230; <a title=\"Protocolei o meu Pedido de Registro de Marca, e agora?\" class=\"read-more\" href=\"https:\/\/marcapacita.com\/index.php\/2023\/08\/07\/etapas-registro-marca\/\" aria-label=\"More on Protocolei o meu Pedido de Registro de Marca, e agora?\">Read more<\/a><\/p>\n","protected":false},"author":1,"featured_media":0,"comment_status":"open","ping_status":"open","sticky":false,"template":"","format":"standard","meta":{"om_disable_all_campaigns":false,"_monsterinsights_skip_tracking":false,"_monsterinsights_sitenote_active":false,"_monsterinsights_sitenote_note":"","_monsterinsights_sitenote_category":0,"footnotes":""},"categories":[1],"tags":[],"yoast_head":"<!-- This site is optimized with the Yoast SEO plugin v20.12 - https:\/\/yoast.com\/wordpress\/plugins\/seo\/ -->\n<title>Protocolei o meu Pedido de Registro de Marca, e agora? - marcapacita.com<\/title>\n<meta name=\"description\" content=\"Voc\u00ea acha que para proteger uma marca basta protocolar o pedido? Nesse post n\u00f3s te contamos todas as Etapas do Registro de Marca.\" \/>\n<meta name=\"robots\" content=\"index, follow, max-snippet:-1, max-image-preview:large, max-video-preview:-1\" \/>\n<link rel=\"canonical\" href=\"https:\/\/marcapacita.com\/index.php\/2023\/08\/07\/etapas-registro-marca\/\" \/>\n<meta property=\"og:locale\" content=\"en_US\" \/>\n<meta property=\"og:type\" content=\"article\" \/>\n<meta property=\"og:title\" content=\"Protocolei o meu Pedido de Registro de Marca, e agora? - marcapacita.com\" \/>\n<meta property=\"og:description\" content=\"Voc\u00ea acha que para proteger uma marca basta protocolar o pedido? Nesse post n\u00f3s te contamos todas as Etapas do Registro de Marca.\" \/>\n<meta property=\"og:url\" content=\"https:\/\/marcapacita.com\/index.php\/2023\/08\/07\/etapas-registro-marca\/\" \/>\n<meta property=\"og:site_name\" content=\"marcapacita.com\" \/>\n<meta property=\"article:published_time\" content=\"2023-08-07T11:42:48+00:00\" \/>\n<meta property=\"article:modified_time\" content=\"2023-08-07T11:42:49+00:00\" \/>\n<meta property=\"og:image\" content=\"https:\/\/marcapacita.com\/wp-content\/uploads\/2023\/08\/Design-sem-nome-1-1024x576.png\" \/>\n<meta name=\"author\" content=\"Reinaldo Barbosa\" \/>\n<meta name=\"twitter:card\" content=\"summary_large_image\" \/>\n<meta name=\"twitter:label1\" content=\"Written by\" \/>\n\t<meta name=\"twitter:data1\" content=\"Reinaldo Barbosa\" \/>\n\t<meta name=\"twitter:label2\" content=\"Est. reading time\" \/>\n\t<meta name=\"twitter:data2\" content=\"6 minutes\" \/>\n<script type=\"application\/ld+json\" class=\"yoast-schema-graph\">{\"@context\":\"https:\/\/schema.org\",\"@graph\":[{\"@type\":\"Article\",\"@id\":\"https:\/\/marcapacita.com\/index.php\/2023\/08\/07\/etapas-registro-marca\/#article\",\"isPartOf\":{\"@id\":\"https:\/\/marcapacita.com\/index.php\/2023\/08\/07\/etapas-registro-marca\/\"},\"author\":{\"name\":\"Reinaldo Barbosa\",\"@id\":\"https:\/\/marcapacita.com\/#\/schema\/person\/fd7f9bab7cf57549e2963d96d2d12cb8\"},\"headline\":\"Protocolei o meu Pedido de Registro de Marca, e agora?\",\"datePublished\":\"2023-08-07T11:42:48+00:00\",\"dateModified\":\"2023-08-07T11:42:49+00:00\",\"mainEntityOfPage\":{\"@id\":\"https:\/\/marcapacita.com\/index.php\/2023\/08\/07\/etapas-registro-marca\/\"},\"wordCount\":981,\"commentCount\":1,\"publisher\":{\"@id\":\"https:\/\/marcapacita.com\/#organization\"},\"articleSection\":[\"Blog\"],\"inLanguage\":\"en-US\",\"potentialAction\":[{\"@type\":\"CommentAction\",\"name\":\"Comment\",\"target\":[\"https:\/\/marcapacita.com\/index.php\/2023\/08\/07\/etapas-registro-marca\/#respond\"]}]},{\"@type\":\"WebPage\",\"@id\":\"https:\/\/marcapacita.com\/index.php\/2023\/08\/07\/etapas-registro-marca\/\",\"url\":\"https:\/\/marcapacita.com\/index.php\/2023\/08\/07\/etapas-registro-marca\/\",\"name\":\"Protocolei o meu Pedido de Registro de Marca, e agora? - marcapacita.com\",\"isPartOf\":{\"@id\":\"https:\/\/marcapacita.com\/#website\"},\"datePublished\":\"2023-08-07T11:42:48+00:00\",\"dateModified\":\"2023-08-07T11:42:49+00:00\",\"description\":\"Voc\u00ea acha que para proteger uma marca basta protocolar o pedido? Nesse post n\u00f3s te contamos todas as Etapas do Registro de Marca.\",\"breadcrumb\":{\"@id\":\"https:\/\/marcapacita.com\/index.php\/2023\/08\/07\/etapas-registro-marca\/#breadcrumb\"},\"inLanguage\":\"en-US\",\"potentialAction\":[{\"@type\":\"ReadAction\",\"target\":[\"https:\/\/marcapacita.com\/index.php\/2023\/08\/07\/etapas-registro-marca\/\"]}]},{\"@type\":\"BreadcrumbList\",\"@id\":\"https:\/\/marcapacita.com\/index.php\/2023\/08\/07\/etapas-registro-marca\/#breadcrumb\",\"itemListElement\":[{\"@type\":\"ListItem\",\"position\":1,\"name\":\"In\u00edcio\",\"item\":\"https:\/\/marcapacita.com\/\"},{\"@type\":\"ListItem\",\"position\":2,\"name\":\"Protocolei o meu Pedido de Registro de Marca, e agora?\"}]},{\"@type\":\"WebSite\",\"@id\":\"https:\/\/marcapacita.com\/#website\",\"url\":\"https:\/\/marcapacita.com\/\",\"name\":\"marcapacita.com\",\"description\":\"\",\"publisher\":{\"@id\":\"https:\/\/marcapacita.com\/#organization\"},\"potentialAction\":[{\"@type\":\"SearchAction\",\"target\":{\"@type\":\"EntryPoint\",\"urlTemplate\":\"https:\/\/marcapacita.com\/?s={search_term_string}\"},\"query-input\":\"required name=search_term_string\"}],\"inLanguage\":\"en-US\"},{\"@type\":\"Organization\",\"@id\":\"https:\/\/marcapacita.com\/#organization\",\"name\":\"marcapacita.com\",\"url\":\"https:\/\/marcapacita.com\/\",\"logo\":{\"@type\":\"ImageObject\",\"inLanguage\":\"en-US\",\"@id\":\"https:\/\/marcapacita.com\/#\/schema\/logo\/image\/\",\"url\":\"https:\/\/marcapacita.com\/wp-content\/uploads\/2023\/07\/cropped-WhatsApp-Image-2023-07-03-at-14.54.35.jpeg\",\"contentUrl\":\"https:\/\/marcapacita.com\/wp-content\/uploads\/2023\/07\/cropped-WhatsApp-Image-2023-07-03-at-14.54.35.jpeg\",\"width\":1080,\"height\":279,\"caption\":\"marcapacita.com\"},\"image\":{\"@id\":\"https:\/\/marcapacita.com\/#\/schema\/logo\/image\/\"}},{\"@type\":\"Person\",\"@id\":\"https:\/\/marcapacita.com\/#\/schema\/person\/fd7f9bab7cf57549e2963d96d2d12cb8\",\"name\":\"Reinaldo Barbosa\",\"image\":{\"@type\":\"ImageObject\",\"inLanguage\":\"en-US\",\"@id\":\"https:\/\/marcapacita.com\/#\/schema\/person\/image\/\",\"url\":\"https:\/\/secure.gravatar.com\/avatar\/4695692a387ac0d6c607729bc7857a23?s=96&d=mm&r=g\",\"contentUrl\":\"https:\/\/secure.gravatar.com\/avatar\/4695692a387ac0d6c607729bc7857a23?s=96&d=mm&r=g\",\"caption\":\"Reinaldo Barbosa\"},\"sameAs\":[\"http:\/\/marcapacita.com\",\"https:\/\/instagram.com\/marcapacita?igshid=MzNlNGNkZWQ4Mg==\"],\"url\":\"https:\/\/marcapacita.com\/index.php\/author\/marcapacita-com\/\"}]}<\/script>\n<!-- \/ Yoast SEO plugin. -->","yoast_head_json":{"title":"Protocolei o meu Pedido de Registro de Marca, e agora? - marcapacita.com","description":"Voc\u00ea acha que para proteger uma marca basta protocolar o pedido? Nesse post n\u00f3s te contamos todas as Etapas do Registro de Marca.","robots":{"index":"index","follow":"follow","max-snippet":"max-snippet:-1","max-image-preview":"max-image-preview:large","max-video-preview":"max-video-preview:-1"},"canonical":"https:\/\/marcapacita.com\/index.php\/2023\/08\/07\/etapas-registro-marca\/","og_locale":"en_US","og_type":"article","og_title":"Protocolei o meu Pedido de Registro de Marca, e agora? - marcapacita.com","og_description":"Voc\u00ea acha que para proteger uma marca basta protocolar o pedido? Nesse post n\u00f3s te contamos todas as Etapas do Registro de Marca.","og_url":"https:\/\/marcapacita.com\/index.php\/2023\/08\/07\/etapas-registro-marca\/","og_site_name":"marcapacita.com","article_published_time":"2023-08-07T11:42:48+00:00","article_modified_time":"2023-08-07T11:42:49+00:00","og_image":[{"url":"https:\/\/marcapacita.com\/wp-content\/uploads\/2023\/08\/Design-sem-nome-1-1024x576.png"}],"author":"Reinaldo Barbosa","twitter_card":"summary_large_image","twitter_misc":{"Written by":"Reinaldo Barbosa","Est. reading time":"6 minutes"},"schema":{"@context":"https:\/\/schema.org","@graph":[{"@type":"Article","@id":"https:\/\/marcapacita.com\/index.php\/2023\/08\/07\/etapas-registro-marca\/#article","isPartOf":{"@id":"https:\/\/marcapacita.com\/index.php\/2023\/08\/07\/etapas-registro-marca\/"},"author":{"name":"Reinaldo Barbosa","@id":"https:\/\/marcapacita.com\/#\/schema\/person\/fd7f9bab7cf57549e2963d96d2d12cb8"},"headline":"Protocolei o meu Pedido de Registro de Marca, e agora?","datePublished":"2023-08-07T11:42:48+00:00","dateModified":"2023-08-07T11:42:49+00:00","mainEntityOfPage":{"@id":"https:\/\/marcapacita.com\/index.php\/2023\/08\/07\/etapas-registro-marca\/"},"wordCount":981,"commentCount":1,"publisher":{"@id":"https:\/\/marcapacita.com\/#organization"},"articleSection":["Blog"],"inLanguage":"en-US","potentialAction":[{"@type":"CommentAction","name":"Comment","target":["https:\/\/marcapacita.com\/index.php\/2023\/08\/07\/etapas-registro-marca\/#respond"]}]},{"@type":"WebPage","@id":"https:\/\/marcapacita.com\/index.php\/2023\/08\/07\/etapas-registro-marca\/","url":"https:\/\/marcapacita.com\/index.php\/2023\/08\/07\/etapas-registro-marca\/","name":"Protocolei o meu Pedido de Registro de Marca, e agora? - marcapacita.com","isPartOf":{"@id":"https:\/\/marcapacita.com\/#website"},"datePublished":"2023-08-07T11:42:48+00:00","dateModified":"2023-08-07T11:42:49+00:00","description":"Voc\u00ea acha que para proteger uma marca basta protocolar o pedido? Nesse post n\u00f3s te contamos todas as Etapas do Registro de Marca.","breadcrumb":{"@id":"https:\/\/marcapacita.com\/index.php\/2023\/08\/07\/etapas-registro-marca\/#breadcrumb"},"inLanguage":"en-US","potentialAction":[{"@type":"ReadAction","target":["https:\/\/marcapacita.com\/index.php\/2023\/08\/07\/etapas-registro-marca\/"]}]},{"@type":"BreadcrumbList","@id":"https:\/\/marcapacita.com\/index.php\/2023\/08\/07\/etapas-registro-marca\/#breadcrumb","itemListElement":[{"@type":"ListItem","position":1,"name":"In\u00edcio","item":"https:\/\/marcapacita.com\/"},{"@type":"ListItem","position":2,"name":"Protocolei o meu Pedido de Registro de Marca, e agora?"}]},{"@type":"WebSite","@id":"https:\/\/marcapacita.com\/#website","url":"https:\/\/marcapacita.com\/","name":"marcapacita.com","description":"","publisher":{"@id":"https:\/\/marcapacita.com\/#organization"},"potentialAction":[{"@type":"SearchAction","target":{"@type":"EntryPoint","urlTemplate":"https:\/\/marcapacita.com\/?s={search_term_string}"},"query-input":"required name=search_term_string"}],"inLanguage":"en-US"},{"@type":"Organization","@id":"https:\/\/marcapacita.com\/#organization","name":"marcapacita.com","url":"https:\/\/marcapacita.com\/","logo":{"@type":"ImageObject","inLanguage":"en-US","@id":"https:\/\/marcapacita.com\/#\/schema\/logo\/image\/","url":"https:\/\/marcapacita.com\/wp-content\/uploads\/2023\/07\/cropped-WhatsApp-Image-2023-07-03-at-14.54.35.jpeg","contentUrl":"https:\/\/marcapacita.com\/wp-content\/uploads\/2023\/07\/cropped-WhatsApp-Image-2023-07-03-at-14.54.35.jpeg","width":1080,"height":279,"caption":"marcapacita.com"},"image":{"@id":"https:\/\/marcapacita.com\/#\/schema\/logo\/image\/"}},{"@type":"Person","@id":"https:\/\/marcapacita.com\/#\/schema\/person\/fd7f9bab7cf57549e2963d96d2d12cb8","name":"Reinaldo Barbosa","image":{"@type":"ImageObject","inLanguage":"en-US","@id":"https:\/\/marcapacita.com\/#\/schema\/person\/image\/","url":"https:\/\/secure.gravatar.com\/avatar\/4695692a387ac0d6c607729bc7857a23?s=96&d=mm&r=g","contentUrl":"https:\/\/secure.gravatar.com\/avatar\/4695692a387ac0d6c607729bc7857a23?s=96&d=mm&r=g","caption":"Reinaldo Barbosa"},"sameAs":["http:\/\/marcapacita.com","https:\/\/instagram.com\/marcapacita?igshid=MzNlNGNkZWQ4Mg=="],"url":"https:\/\/marcapacita.com\/index.php\/author\/marcapacita-com\/"}]}},"_links":{"self":[{"href":"https:\/\/marcapacita.com\/index.php\/wp-json\/wp\/v2\/posts\/140"}],"collection":[{"href":"https:\/\/marcapacita.com\/index.php\/wp-json\/wp\/v2\/posts"}],"about":[{"href":"https:\/\/marcapacita.com\/index.php\/wp-json\/wp\/v2\/types\/post"}],"author":[{"embeddable":true,"href":"https:\/\/marcapacita.com\/index.php\/wp-json\/wp\/v2\/users\/1"}],"replies":[{"embeddable":true,"href":"https:\/\/marcapacita.com\/index.php\/wp-json\/wp\/v2\/comments?post=140"}],"version-history":[{"count":1,"href":"https:\/\/marcapacita.com\/index.php\/wp-json\/wp\/v2\/posts\/140\/revisions"}],"predecessor-version":[{"id":142,"href":"https:\/\/marcapacita.com\/index.php\/wp-json\/wp\/v2\/posts\/140\/revisions\/142"}],"wp:attachment":[{"href":"https:\/\/marcapacita.com\/index.php\/wp-json\/wp\/v2\/media?parent=140"}],"wp:term":[{"taxonomy":"category","embeddable":true,"href":"https:\/\/marcapacita.com\/index.php\/wp-json\/wp\/v2\/categories?post=140"},{"taxonomy":"post_tag","embeddable":true,"href":"https:\/\/marcapacita.com\/index.php\/wp-json\/wp\/v2\/tags?post=140"}],"curies":[{"name":"wp","href":"https:\/\/api.w.org\/{rel}","templated":true}]}}