{"id":120,"date":"2023-08-01T09:59:58","date_gmt":"2023-08-01T12:59:58","guid":{"rendered":"https:\/\/marcapacita.com\/?p=120"},"modified":"2023-08-01T09:59:58","modified_gmt":"2023-08-01T12:59:58","slug":"tipos-de-marcas","status":"publish","type":"post","link":"https:\/\/marcapacita.com\/index.php\/2023\/08\/01\/tipos-de-marcas\/","title":{"rendered":"Marcas: Classifica\u00e7\u00e3o e Formas de Apresenta\u00e7\u00e3o"},"content":{"rendered":"\n<p><\/p>\n\n\n\n<p>Registrar uma marca pode ser uma tarefa simples, desde que voc\u00ea tenha o conhecimento adequado. Hoje eu vou te entregar nesse artigo defini\u00e7\u00f5es e classifica\u00e7\u00f5es que s\u00e3o extremamente \u00fateis no momento de registrar uma marca.\u00a0Voc\u00ea vai aprender quais s\u00e3o os tipos de marcas existentes no Brasil. <\/p>\n\n\n\n<p>Essas classifica\u00e7\u00f5es e defini\u00e7\u00e3o s\u00e3o o \u201cCalcanhar de Aquiles\u201d de muitas pessoas que se aventuram no mundo da prote\u00e7\u00e3o de marcas, mas eu garanto que no final da leitura deste artigo esse n\u00e3o ser\u00e1 mais um problema pra voc\u00ea.&nbsp;<\/p>\n\n\n\n<p>Antes de seguir, quero te incentivar a conhecer outros conte\u00fados que escrevemos por aqui. Por exemplo, se voc\u00ea \u00e9 empreendedor e quer saber se <a href=\"https:\/\/marcapacita.com\/index.php\/2023\/07\/05\/vale-a-pena-registrar-a-minha-marca\/\" target=\"_blank\" rel=\"noreferrer noopener\">Vale a pena registrar a sua marca<\/a> ou <a href=\"https:\/\/marcapacita.com\/index.php\/2023\/07\/13\/quanto-custa-registrar-marca\/\" target=\"_blank\" rel=\"noreferrer noopener\">Quanto custa registrar a sua marca<\/a>. Por outro lado, se voc\u00ea quer ganhar dinheiro com registro de marcas, voc\u00ea certamente vai se interessar pelo texto que escrevi respondendo \u00e0 pergunta se <a href=\"https:\/\/marcapacita.com\/index.php\/2023\/07\/06\/advogado-registro-de-marca\/\" target=\"_blank\" rel=\"noreferrer noopener\">Somente advogados podem registrar uma marca?<\/a><\/p>\n\n\n\n<p>Agora vamos seguir!<\/p>\n\n\n\n<p>Bem, voc\u00ea deve saber que no mundo dos neg\u00f3cios, registrar sua marca \u00e9 fundamental para garantir exclusividade e prote\u00e7\u00e3o no mercado. No entanto, antes de iniciar o processo, \u00e9 importante entender as diferentes classifica\u00e7\u00f5es e formas de apresenta\u00e7\u00e3o das marcas. Vamos explorar esses conceitos para que voc\u00ea possa tomar decis\u00f5es mais informadas para o seu empreendimento.<\/p>\n\n\n\n<h3 class=\"wp-block-heading\"><strong>Classifica\u00e7\u00e3o das Marcas<\/strong><\/h3>\n\n\n\n<p>As marcas podem ser classificadas de acordo com sua natureza em tr\u00eas categorias principais:<\/p>\n\n\n\n<h4 class=\"wp-block-heading\"><strong>1. Marca de Produto ou Servi\u00e7o<\/strong><\/h4>\n\n\n\n<p>Essa \u00e9 a forma mais comum de marca, usada para distinguir um produto ou servi\u00e7o dos demais dispon\u00edveis no mercado. Seu objetivo \u00e9 evidenciar a origem diversa dos produtos ou servi\u00e7os relacionados. Por exemplo, marcas como &#8220;Coca-Cola&#8221; ou &#8220;Nike&#8221; identificam seus produtos no mercado. No caso da Coca-Cola, por exemplo, existem v\u00e1rios refrigerantes no mercado, mas voc\u00ea consegue identificar qual deles \u00e9 a Coca-cola. <\/p>\n\n\n\n<figure class=\"wp-block-image size-large is-resized\"><img decoding=\"async\" src=\"https:\/\/marcapacita.com\/wp-content\/uploads\/2023\/08\/Design-sem-nome-1024x576.png\" alt=\"\" class=\"wp-image-121\" width=\"395\" height=\"222\" srcset=\"https:\/\/marcapacita.com\/wp-content\/uploads\/2023\/08\/Design-sem-nome-1024x576.png 1024w, https:\/\/marcapacita.com\/wp-content\/uploads\/2023\/08\/Design-sem-nome-300x169.png 300w, https:\/\/marcapacita.com\/wp-content\/uploads\/2023\/08\/Design-sem-nome-768x432.png 768w, https:\/\/marcapacita.com\/wp-content\/uploads\/2023\/08\/Design-sem-nome-1536x864.png 1536w, https:\/\/marcapacita.com\/wp-content\/uploads\/2023\/08\/Design-sem-nome-600x338.png 600w, https:\/\/marcapacita.com\/wp-content\/uploads\/2023\/08\/Design-sem-nome.png 1920w\" sizes=\"(max-width: 395px) 100vw, 395px\" \/><\/figure>\n\n\n\n<p><\/p>\n\n\n\n<h4 class=\"wp-block-heading\"><strong>2. Marca Coletiva<\/strong><\/h4>\n\n\n\n<p>As marcas coletivas t\u00eam uma finalidade diferente das marcas de produto ou servi\u00e7o. Elas s\u00e3o destinadas a identificar e distinguir produtos ou servi\u00e7os provenientes de membros de uma entidade coletiva, como associa\u00e7\u00f5es ou cooperativas. Essas marcas indicam que os produtos ou servi\u00e7os s\u00e3o fornecidos por membros espec\u00edficos de uma organiza\u00e7\u00e3o. Os membros da entidade podem utilizar a marca coletiva sem necessidade de licen\u00e7a, desde que cumpram as normas estabelecidas no regulamento de utiliza\u00e7\u00e3o.<\/p>\n\n\n\n<figure class=\"wp-block-image size-large is-resized\"><img decoding=\"async\" src=\"https:\/\/marcapacita.com\/wp-content\/uploads\/2023\/08\/ID_Vinhos-do-Brasil_marca-2010-10-1024x807.jpg\" alt=\"\" class=\"wp-image-122\" width=\"318\" height=\"250\" srcset=\"https:\/\/marcapacita.com\/wp-content\/uploads\/2023\/08\/ID_Vinhos-do-Brasil_marca-2010-10-1024x807.jpg 1024w, https:\/\/marcapacita.com\/wp-content\/uploads\/2023\/08\/ID_Vinhos-do-Brasil_marca-2010-10-300x236.jpg 300w, https:\/\/marcapacita.com\/wp-content\/uploads\/2023\/08\/ID_Vinhos-do-Brasil_marca-2010-10-768x605.jpg 768w, https:\/\/marcapacita.com\/wp-content\/uploads\/2023\/08\/ID_Vinhos-do-Brasil_marca-2010-10-1536x1210.jpg 1536w, https:\/\/marcapacita.com\/wp-content\/uploads\/2023\/08\/ID_Vinhos-do-Brasil_marca-2010-10-2048x1613.jpg 2048w, https:\/\/marcapacita.com\/wp-content\/uploads\/2023\/08\/ID_Vinhos-do-Brasil_marca-2010-10-600x473.jpg 600w\" sizes=\"(max-width: 318px) 100vw, 318px\" \/><\/figure>\n\n\n\n<p><\/p>\n\n\n\n<h4 class=\"wp-block-heading\"><strong>3. Marca de Certifica\u00e7\u00e3o<\/strong><\/h4>\n\n\n\n<p>Esse tipo de marca \u00e9 utilizada para atestar a conformidade de um produto ou servi\u00e7o com normas, padr\u00f5es ou especifica\u00e7\u00f5es t\u00e9cnicas. A marca de certifica\u00e7\u00e3o indica ao p\u00fablico que o produto ou servi\u00e7o em quest\u00e3o est\u00e1 em conformidade com esses requisitos espec\u00edficos. Ela s\u00f3 pode ser utilizada por terceiros que recebam autoriza\u00e7\u00e3o do titular da marca, como forma de certificar a qualidade e conformidade.<\/p>\n\n\n\n<figure class=\"wp-block-image size-full is-resized\"><img decoding=\"async\" src=\"https:\/\/marcapacita.com\/wp-content\/uploads\/2023\/08\/seloABIC-1024x874.jpg.webp\" alt=\"\" class=\"wp-image-123\" width=\"298\" height=\"254\" srcset=\"https:\/\/marcapacita.com\/wp-content\/uploads\/2023\/08\/seloABIC-1024x874.jpg.webp 1024w, https:\/\/marcapacita.com\/wp-content\/uploads\/2023\/08\/seloABIC-1024x874.jpg-300x256.webp 300w, https:\/\/marcapacita.com\/wp-content\/uploads\/2023\/08\/seloABIC-1024x874.jpg-768x656.webp 768w, https:\/\/marcapacita.com\/wp-content\/uploads\/2023\/08\/seloABIC-1024x874.jpg-600x512.webp 600w\" sizes=\"(max-width: 298px) 100vw, 298px\" \/><\/figure>\n\n\n\n<p><\/p>\n\n\n\n<h3 class=\"wp-block-heading\"><strong>Formas de Apresenta\u00e7\u00e3o das Marcas<\/strong><\/h3>\n\n\n\n<p>As marcas tamb\u00e9m podem ser classificadas de acordo com suas formas gr\u00e1ficas de apresenta\u00e7\u00e3o. Conhe\u00e7a as principais categorias:<\/p>\n\n\n\n<h4 class=\"wp-block-heading\"><strong>1. Marca Nominativa<\/strong><\/h4>\n\n\n\n<p>Essa forma de marca \u00e9 constitu\u00edda por uma ou mais palavras, incluindo neologismos, combina\u00e7\u00f5es de letras e algarismos romanos e\/ou ar\u00e1bicos. No entanto, esses elementos n\u00e3o devem se apresentar de forma fantasiosa ou figurativa. A prote\u00e7\u00e3o legal recai sobre as palavras e combina\u00e7\u00f5es de letras, garantindo exclusividade ao uso da marca registrada.<\/p>\n\n\n\n<figure class=\"wp-block-image size-full is-resized\"><img decoding=\"async\" src=\"https:\/\/marcapacita.com\/wp-content\/uploads\/2023\/08\/Registro-de-Marcas-Nomes-e-Simbolos-Modelo-2-1024x465-1.jpg\" alt=\"\" class=\"wp-image-125\" width=\"322\" height=\"146\" srcset=\"https:\/\/marcapacita.com\/wp-content\/uploads\/2023\/08\/Registro-de-Marcas-Nomes-e-Simbolos-Modelo-2-1024x465-1.jpg 1024w, https:\/\/marcapacita.com\/wp-content\/uploads\/2023\/08\/Registro-de-Marcas-Nomes-e-Simbolos-Modelo-2-1024x465-1-300x136.jpg 300w, https:\/\/marcapacita.com\/wp-content\/uploads\/2023\/08\/Registro-de-Marcas-Nomes-e-Simbolos-Modelo-2-1024x465-1-768x349.jpg 768w, https:\/\/marcapacita.com\/wp-content\/uploads\/2023\/08\/Registro-de-Marcas-Nomes-e-Simbolos-Modelo-2-1024x465-1-600x272.jpg 600w\" sizes=\"(max-width: 322px) 100vw, 322px\" \/><\/figure>\n\n\n\n<p><\/p>\n\n\n\n<h4 class=\"wp-block-heading\"><strong>2. Marca Figurativa<\/strong><\/h4>\n\n\n\n<p>A marca figurativa \u00e9 constitu\u00edda por desenhos, imagens, figuras, s\u00edmbolos, letras ou algarismos isoladamente ou em combina\u00e7\u00e3o. Ela pode incluir formas fantasiosas ou figurativas de letras e algarismos, bem como palavras compostas por letras de alfabetos distintos do vern\u00e1culo. Nesse caso, a prote\u00e7\u00e3o recai sobre a representa\u00e7\u00e3o gr\u00e1fica das letras e ideogramas, n\u00e3o sobre a palavra ou express\u00e3o que eles representam.<\/p>\n\n\n\n<figure class=\"wp-block-image size-full is-resized\"><img decoding=\"async\" src=\"https:\/\/marcapacita.com\/wp-content\/uploads\/2023\/08\/marca-figurativa-exemplos-apple.jpg.webp\" alt=\"\" class=\"wp-image-126\" width=\"192\" height=\"192\" srcset=\"https:\/\/marcapacita.com\/wp-content\/uploads\/2023\/08\/marca-figurativa-exemplos-apple.jpg.webp 1024w, https:\/\/marcapacita.com\/wp-content\/uploads\/2023\/08\/marca-figurativa-exemplos-apple.jpg-300x300.webp 300w, https:\/\/marcapacita.com\/wp-content\/uploads\/2023\/08\/marca-figurativa-exemplos-apple.jpg-150x150.webp 150w, https:\/\/marcapacita.com\/wp-content\/uploads\/2023\/08\/marca-figurativa-exemplos-apple.jpg-768x768.webp 768w, https:\/\/marcapacita.com\/wp-content\/uploads\/2023\/08\/marca-figurativa-exemplos-apple.jpg-600x600.webp 600w, https:\/\/marcapacita.com\/wp-content\/uploads\/2023\/08\/marca-figurativa-exemplos-apple.jpg-100x100.webp 100w\" sizes=\"(max-width: 192px) 100vw, 192px\" \/><\/figure>\n\n\n\n<p><\/p>\n\n\n\n<h4 class=\"wp-block-heading\"><strong>3. Marca Mista<\/strong><\/h4>\n\n\n\n<p>A marca mista \u00e9 a combina\u00e7\u00e3o de elementos nominativos e figurativos, ou apenas elementos nominativos apresentados de forma fantasiosa ou estilizada. Essa categoria abrange marcas que utilizam palavras em conjunto com desenhos, imagens ou s\u00edmbolos distintivos.<\/p>\n\n\n\n<figure class=\"wp-block-image size-full\"><img decoding=\"async\" width=\"288\" height=\"175\" src=\"https:\/\/marcapacita.com\/wp-content\/uploads\/2023\/08\/Unknown.png\" alt=\"\" class=\"wp-image-127\"\/><\/figure>\n\n\n\n<p><\/p>\n\n\n\n<h4 class=\"wp-block-heading\"><strong>4. Marca Tridimensional<\/strong><\/h4>\n\n\n\n<p>A marca tridimensional \u00e9 constitu\u00edda por uma forma pl\u00e1stica distintiva que \u00e9 capaz de individualizar produtos ou servi\u00e7os. Para ser registr\u00e1vel, essa forma deve estar dissociada de efeitos t\u00e9cnicos ou funcionais.<\/p>\n\n\n\n<figure class=\"wp-block-image size-full\"><img decoding=\"async\" width=\"300\" height=\"184\" src=\"https:\/\/marcapacita.com\/wp-content\/uploads\/2023\/08\/Imagem1-1-300x184-1.jpg\" alt=\"\" class=\"wp-image-128\"\/><\/figure>\n\n\n\n<p><\/p>\n\n\n\n<h4 class=\"wp-block-heading\"><strong>5. Marca de Posi\u00e7\u00e3o<\/strong><\/h4>\n\n\n\n<p>A marca de posi\u00e7\u00e3o \u00e9 aquela formada pela aplica\u00e7\u00e3o de um sinal em uma posi\u00e7\u00e3o singular e espec\u00edfica de um suporte. Ela resulta em um conjunto distintivo que identifica produtos ou servi\u00e7os de forma \u00fanica, desde que a aplica\u00e7\u00e3o do sinal possa ser dissociada de efeitos t\u00e9cnicos ou funcionais.<\/p>\n\n\n\n<figure class=\"wp-block-image size-full is-resized\"><img decoding=\"async\" src=\"https:\/\/marcapacita.com\/wp-content\/uploads\/2023\/08\/regulamentao-das-marcas-de-posio.jpg\" alt=\"\" class=\"wp-image-129\" width=\"395\" height=\"135\" srcset=\"https:\/\/marcapacita.com\/wp-content\/uploads\/2023\/08\/regulamentao-das-marcas-de-posio.jpg 1000w, https:\/\/marcapacita.com\/wp-content\/uploads\/2023\/08\/regulamentao-das-marcas-de-posio-300x103.jpg 300w, https:\/\/marcapacita.com\/wp-content\/uploads\/2023\/08\/regulamentao-das-marcas-de-posio-768x263.jpg 768w, https:\/\/marcapacita.com\/wp-content\/uploads\/2023\/08\/regulamentao-das-marcas-de-posio-600x205.jpg 600w\" sizes=\"(max-width: 395px) 100vw, 395px\" \/><\/figure>\n\n\n\n<p><\/p>\n\n\n\n<h3 class=\"wp-block-heading\"><strong>Conclus\u00e3o<\/strong><\/h3>\n\n\n\n<p>No registro de uma marca, voc\u00ea dever\u00e1 classific\u00e1-la de acordo com a sua natureza e a apresenta\u00e7\u00e3o gr\u00e1fica. Assim, sua marca poder\u00e1 ser de produto e nominativa, por exemplo. Isso significa que ela distinguir\u00e1 um produto de outros existentes no mercado e que a sua apresenta\u00e7\u00e3o gr\u00e1fica ser\u00e1 com uso de palavras, e n\u00e3o figuras.&nbsp;<\/p>\n\n\n\n<p>Al\u00e9m do conte\u00fado disponibilizado aqui no blog, n\u00f3s criamos um curso completo sobre registro de marcas, passo a passo, com tudo o que voc\u00ea precisa saber. Voc\u00ea poder\u00e1 ver a ementa do curso clicando no bot\u00e3o abaixo.&nbsp;<\/p>\n\n\n\n<div class=\"wp-block-buttons is-content-justification-center is-layout-flex wp-container-core-buttons-layout-1 wp-block-buttons-is-layout-flex\">\n<div class=\"wp-block-button\"><a class=\"wp-block-button__link wp-element-button\" href=\"https:\/\/marcapacita.com\/index.php\/curso-registro-marca\/\" target=\"_blank\" rel=\"noreferrer noopener\"><mark style=\"background-color:var(--accent)\" class=\"has-inline-color has-base-3-color\">REGISTRO DE MARCAS: TEORIA E PR\u00c1TICA<\/mark><\/a><\/div>\n<\/div>\n\n\n\n<p>Ficou com d\u00favida, deixe o seu coment\u00e1rio ou envie um e-mail pra gente.&nbsp;<\/p>\n","protected":false},"excerpt":{"rendered":"<p>Registrar uma marca pode ser uma tarefa simples, desde que voc\u00ea tenha o conhecimento adequado. Hoje eu vou te entregar nesse artigo defini\u00e7\u00f5es e classifica\u00e7\u00f5es que s\u00e3o extremamente \u00fateis no momento de registrar uma marca.\u00a0Voc\u00ea vai aprender quais s\u00e3o os tipos de marcas existentes no Brasil. Essas classifica\u00e7\u00f5es e defini\u00e7\u00e3o s\u00e3o o \u201cCalcanhar de Aquiles\u201d &#8230; <a title=\"Marcas: Classifica\u00e7\u00e3o e Formas de Apresenta\u00e7\u00e3o\" class=\"read-more\" href=\"https:\/\/marcapacita.com\/index.php\/2023\/08\/01\/tipos-de-marcas\/\" aria-label=\"More on Marcas: Classifica\u00e7\u00e3o e Formas de Apresenta\u00e7\u00e3o\">Read more<\/a><\/p>\n","protected":false},"author":1,"featured_media":0,"comment_status":"open","ping_status":"open","sticky":false,"template":"","format":"standard","meta":{"om_disable_all_campaigns":false,"_monsterinsights_skip_tracking":false,"_monsterinsights_sitenote_active":false,"_monsterinsights_sitenote_note":"","_monsterinsights_sitenote_category":0,"footnotes":""},"categories":[1],"tags":[],"yoast_head":"<!-- This site is optimized with the Yoast SEO plugin v20.12 - https:\/\/yoast.com\/wordpress\/plugins\/seo\/ -->\n<title>Marcas: Classifica\u00e7\u00e3o e Formas de Apresenta\u00e7\u00e3o - marcapacita.com<\/title>\n<meta name=\"robots\" content=\"index, follow, max-snippet:-1, max-image-preview:large, max-video-preview:-1\" \/>\n<link rel=\"canonical\" href=\"https:\/\/marcapacita.com\/index.php\/2023\/08\/01\/tipos-de-marcas\/\" \/>\n<meta property=\"og:locale\" content=\"en_US\" \/>\n<meta property=\"og:type\" content=\"article\" \/>\n<meta property=\"og:title\" content=\"Marcas: Classifica\u00e7\u00e3o e Formas de Apresenta\u00e7\u00e3o - marcapacita.com\" \/>\n<meta property=\"og:description\" content=\"Registrar uma marca pode ser uma tarefa simples, desde que voc\u00ea tenha o conhecimento adequado. Hoje eu vou te entregar nesse artigo defini\u00e7\u00f5es e classifica\u00e7\u00f5es que s\u00e3o extremamente \u00fateis no momento de registrar uma marca.\u00a0Voc\u00ea vai aprender quais s\u00e3o os tipos de marcas existentes no Brasil. Essas classifica\u00e7\u00f5es e defini\u00e7\u00e3o s\u00e3o o \u201cCalcanhar de Aquiles\u201d ... Read more\" \/>\n<meta property=\"og:url\" content=\"https:\/\/marcapacita.com\/index.php\/2023\/08\/01\/tipos-de-marcas\/\" \/>\n<meta property=\"og:site_name\" content=\"marcapacita.com\" \/>\n<meta property=\"article:published_time\" content=\"2023-08-01T12:59:58+00:00\" \/>\n<meta property=\"og:image\" content=\"https:\/\/marcapacita.com\/wp-content\/uploads\/2023\/08\/Design-sem-nome-1024x576.png\" \/>\n<meta name=\"author\" content=\"Reinaldo Barbosa\" \/>\n<meta name=\"twitter:card\" content=\"summary_large_image\" \/>\n<meta name=\"twitter:label1\" content=\"Written by\" \/>\n\t<meta name=\"twitter:data1\" content=\"Reinaldo Barbosa\" \/>\n\t<meta name=\"twitter:label2\" content=\"Est. reading time\" \/>\n\t<meta name=\"twitter:data2\" content=\"5 minutes\" \/>\n<script type=\"application\/ld+json\" class=\"yoast-schema-graph\">{\"@context\":\"https:\/\/schema.org\",\"@graph\":[{\"@type\":\"Article\",\"@id\":\"https:\/\/marcapacita.com\/index.php\/2023\/08\/01\/tipos-de-marcas\/#article\",\"isPartOf\":{\"@id\":\"https:\/\/marcapacita.com\/index.php\/2023\/08\/01\/tipos-de-marcas\/\"},\"author\":{\"name\":\"Reinaldo Barbosa\",\"@id\":\"https:\/\/marcapacita.com\/#\/schema\/person\/fd7f9bab7cf57549e2963d96d2d12cb8\"},\"headline\":\"Marcas: Classifica\u00e7\u00e3o e Formas de Apresenta\u00e7\u00e3o\",\"datePublished\":\"2023-08-01T12:59:58+00:00\",\"dateModified\":\"2023-08-01T12:59:58+00:00\",\"mainEntityOfPage\":{\"@id\":\"https:\/\/marcapacita.com\/index.php\/2023\/08\/01\/tipos-de-marcas\/\"},\"wordCount\":909,\"commentCount\":1,\"publisher\":{\"@id\":\"https:\/\/marcapacita.com\/#organization\"},\"articleSection\":[\"Blog\"],\"inLanguage\":\"en-US\",\"potentialAction\":[{\"@type\":\"CommentAction\",\"name\":\"Comment\",\"target\":[\"https:\/\/marcapacita.com\/index.php\/2023\/08\/01\/tipos-de-marcas\/#respond\"]}]},{\"@type\":\"WebPage\",\"@id\":\"https:\/\/marcapacita.com\/index.php\/2023\/08\/01\/tipos-de-marcas\/\",\"url\":\"https:\/\/marcapacita.com\/index.php\/2023\/08\/01\/tipos-de-marcas\/\",\"name\":\"Marcas: Classifica\u00e7\u00e3o e Formas de Apresenta\u00e7\u00e3o - marcapacita.com\",\"isPartOf\":{\"@id\":\"https:\/\/marcapacita.com\/#website\"},\"datePublished\":\"2023-08-01T12:59:58+00:00\",\"dateModified\":\"2023-08-01T12:59:58+00:00\",\"breadcrumb\":{\"@id\":\"https:\/\/marcapacita.com\/index.php\/2023\/08\/01\/tipos-de-marcas\/#breadcrumb\"},\"inLanguage\":\"en-US\",\"potentialAction\":[{\"@type\":\"ReadAction\",\"target\":[\"https:\/\/marcapacita.com\/index.php\/2023\/08\/01\/tipos-de-marcas\/\"]}]},{\"@type\":\"BreadcrumbList\",\"@id\":\"https:\/\/marcapacita.com\/index.php\/2023\/08\/01\/tipos-de-marcas\/#breadcrumb\",\"itemListElement\":[{\"@type\":\"ListItem\",\"position\":1,\"name\":\"In\u00edcio\",\"item\":\"https:\/\/marcapacita.com\/\"},{\"@type\":\"ListItem\",\"position\":2,\"name\":\"Marcas: Classifica\u00e7\u00e3o e Formas de Apresenta\u00e7\u00e3o\"}]},{\"@type\":\"WebSite\",\"@id\":\"https:\/\/marcapacita.com\/#website\",\"url\":\"https:\/\/marcapacita.com\/\",\"name\":\"marcapacita.com\",\"description\":\"\",\"publisher\":{\"@id\":\"https:\/\/marcapacita.com\/#organization\"},\"potentialAction\":[{\"@type\":\"SearchAction\",\"target\":{\"@type\":\"EntryPoint\",\"urlTemplate\":\"https:\/\/marcapacita.com\/?s={search_term_string}\"},\"query-input\":\"required name=search_term_string\"}],\"inLanguage\":\"en-US\"},{\"@type\":\"Organization\",\"@id\":\"https:\/\/marcapacita.com\/#organization\",\"name\":\"marcapacita.com\",\"url\":\"https:\/\/marcapacita.com\/\",\"logo\":{\"@type\":\"ImageObject\",\"inLanguage\":\"en-US\",\"@id\":\"https:\/\/marcapacita.com\/#\/schema\/logo\/image\/\",\"url\":\"https:\/\/marcapacita.com\/wp-content\/uploads\/2023\/07\/cropped-WhatsApp-Image-2023-07-03-at-14.54.35.jpeg\",\"contentUrl\":\"https:\/\/marcapacita.com\/wp-content\/uploads\/2023\/07\/cropped-WhatsApp-Image-2023-07-03-at-14.54.35.jpeg\",\"width\":1080,\"height\":279,\"caption\":\"marcapacita.com\"},\"image\":{\"@id\":\"https:\/\/marcapacita.com\/#\/schema\/logo\/image\/\"}},{\"@type\":\"Person\",\"@id\":\"https:\/\/marcapacita.com\/#\/schema\/person\/fd7f9bab7cf57549e2963d96d2d12cb8\",\"name\":\"Reinaldo Barbosa\",\"image\":{\"@type\":\"ImageObject\",\"inLanguage\":\"en-US\",\"@id\":\"https:\/\/marcapacita.com\/#\/schema\/person\/image\/\",\"url\":\"https:\/\/secure.gravatar.com\/avatar\/4695692a387ac0d6c607729bc7857a23?s=96&d=mm&r=g\",\"contentUrl\":\"https:\/\/secure.gravatar.com\/avatar\/4695692a387ac0d6c607729bc7857a23?s=96&d=mm&r=g\",\"caption\":\"Reinaldo Barbosa\"},\"sameAs\":[\"http:\/\/marcapacita.com\",\"https:\/\/instagram.com\/marcapacita?igshid=MzNlNGNkZWQ4Mg==\"],\"url\":\"https:\/\/marcapacita.com\/index.php\/author\/marcapacita-com\/\"}]}<\/script>\n<!-- \/ Yoast SEO plugin. -->","yoast_head_json":{"title":"Marcas: Classifica\u00e7\u00e3o e Formas de Apresenta\u00e7\u00e3o - marcapacita.com","robots":{"index":"index","follow":"follow","max-snippet":"max-snippet:-1","max-image-preview":"max-image-preview:large","max-video-preview":"max-video-preview:-1"},"canonical":"https:\/\/marcapacita.com\/index.php\/2023\/08\/01\/tipos-de-marcas\/","og_locale":"en_US","og_type":"article","og_title":"Marcas: Classifica\u00e7\u00e3o e Formas de Apresenta\u00e7\u00e3o - marcapacita.com","og_description":"Registrar uma marca pode ser uma tarefa simples, desde que voc\u00ea tenha o conhecimento adequado. Hoje eu vou te entregar nesse artigo defini\u00e7\u00f5es e classifica\u00e7\u00f5es que s\u00e3o extremamente \u00fateis no momento de registrar uma marca.\u00a0Voc\u00ea vai aprender quais s\u00e3o os tipos de marcas existentes no Brasil. Essas classifica\u00e7\u00f5es e defini\u00e7\u00e3o s\u00e3o o \u201cCalcanhar de Aquiles\u201d ... Read more","og_url":"https:\/\/marcapacita.com\/index.php\/2023\/08\/01\/tipos-de-marcas\/","og_site_name":"marcapacita.com","article_published_time":"2023-08-01T12:59:58+00:00","og_image":[{"url":"https:\/\/marcapacita.com\/wp-content\/uploads\/2023\/08\/Design-sem-nome-1024x576.png"}],"author":"Reinaldo Barbosa","twitter_card":"summary_large_image","twitter_misc":{"Written by":"Reinaldo Barbosa","Est. reading time":"5 minutes"},"schema":{"@context":"https:\/\/schema.org","@graph":[{"@type":"Article","@id":"https:\/\/marcapacita.com\/index.php\/2023\/08\/01\/tipos-de-marcas\/#article","isPartOf":{"@id":"https:\/\/marcapacita.com\/index.php\/2023\/08\/01\/tipos-de-marcas\/"},"author":{"name":"Reinaldo Barbosa","@id":"https:\/\/marcapacita.com\/#\/schema\/person\/fd7f9bab7cf57549e2963d96d2d12cb8"},"headline":"Marcas: Classifica\u00e7\u00e3o e Formas de Apresenta\u00e7\u00e3o","datePublished":"2023-08-01T12:59:58+00:00","dateModified":"2023-08-01T12:59:58+00:00","mainEntityOfPage":{"@id":"https:\/\/marcapacita.com\/index.php\/2023\/08\/01\/tipos-de-marcas\/"},"wordCount":909,"commentCount":1,"publisher":{"@id":"https:\/\/marcapacita.com\/#organization"},"articleSection":["Blog"],"inLanguage":"en-US","potentialAction":[{"@type":"CommentAction","name":"Comment","target":["https:\/\/marcapacita.com\/index.php\/2023\/08\/01\/tipos-de-marcas\/#respond"]}]},{"@type":"WebPage","@id":"https:\/\/marcapacita.com\/index.php\/2023\/08\/01\/tipos-de-marcas\/","url":"https:\/\/marcapacita.com\/index.php\/2023\/08\/01\/tipos-de-marcas\/","name":"Marcas: Classifica\u00e7\u00e3o e Formas de Apresenta\u00e7\u00e3o - marcapacita.com","isPartOf":{"@id":"https:\/\/marcapacita.com\/#website"},"datePublished":"2023-08-01T12:59:58+00:00","dateModified":"2023-08-01T12:59:58+00:00","breadcrumb":{"@id":"https:\/\/marcapacita.com\/index.php\/2023\/08\/01\/tipos-de-marcas\/#breadcrumb"},"inLanguage":"en-US","potentialAction":[{"@type":"ReadAction","target":["https:\/\/marcapacita.com\/index.php\/2023\/08\/01\/tipos-de-marcas\/"]}]},{"@type":"BreadcrumbList","@id":"https:\/\/marcapacita.com\/index.php\/2023\/08\/01\/tipos-de-marcas\/#breadcrumb","itemListElement":[{"@type":"ListItem","position":1,"name":"In\u00edcio","item":"https:\/\/marcapacita.com\/"},{"@type":"ListItem","position":2,"name":"Marcas: Classifica\u00e7\u00e3o e Formas de Apresenta\u00e7\u00e3o"}]},{"@type":"WebSite","@id":"https:\/\/marcapacita.com\/#website","url":"https:\/\/marcapacita.com\/","name":"marcapacita.com","description":"","publisher":{"@id":"https:\/\/marcapacita.com\/#organization"},"potentialAction":[{"@type":"SearchAction","target":{"@type":"EntryPoint","urlTemplate":"https:\/\/marcapacita.com\/?s={search_term_string}"},"query-input":"required name=search_term_string"}],"inLanguage":"en-US"},{"@type":"Organization","@id":"https:\/\/marcapacita.com\/#organization","name":"marcapacita.com","url":"https:\/\/marcapacita.com\/","logo":{"@type":"ImageObject","inLanguage":"en-US","@id":"https:\/\/marcapacita.com\/#\/schema\/logo\/image\/","url":"https:\/\/marcapacita.com\/wp-content\/uploads\/2023\/07\/cropped-WhatsApp-Image-2023-07-03-at-14.54.35.jpeg","contentUrl":"https:\/\/marcapacita.com\/wp-content\/uploads\/2023\/07\/cropped-WhatsApp-Image-2023-07-03-at-14.54.35.jpeg","width":1080,"height":279,"caption":"marcapacita.com"},"image":{"@id":"https:\/\/marcapacita.com\/#\/schema\/logo\/image\/"}},{"@type":"Person","@id":"https:\/\/marcapacita.com\/#\/schema\/person\/fd7f9bab7cf57549e2963d96d2d12cb8","name":"Reinaldo Barbosa","image":{"@type":"ImageObject","inLanguage":"en-US","@id":"https:\/\/marcapacita.com\/#\/schema\/person\/image\/","url":"https:\/\/secure.gravatar.com\/avatar\/4695692a387ac0d6c607729bc7857a23?s=96&d=mm&r=g","contentUrl":"https:\/\/secure.gravatar.com\/avatar\/4695692a387ac0d6c607729bc7857a23?s=96&d=mm&r=g","caption":"Reinaldo Barbosa"},"sameAs":["http:\/\/marcapacita.com","https:\/\/instagram.com\/marcapacita?igshid=MzNlNGNkZWQ4Mg=="],"url":"https:\/\/marcapacita.com\/index.php\/author\/marcapacita-com\/"}]}},"_links":{"self":[{"href":"https:\/\/marcapacita.com\/index.php\/wp-json\/wp\/v2\/posts\/120"}],"collection":[{"href":"https:\/\/marcapacita.com\/index.php\/wp-json\/wp\/v2\/posts"}],"about":[{"href":"https:\/\/marcapacita.com\/index.php\/wp-json\/wp\/v2\/types\/post"}],"author":[{"embeddable":true,"href":"https:\/\/marcapacita.com\/index.php\/wp-json\/wp\/v2\/users\/1"}],"replies":[{"embeddable":true,"href":"https:\/\/marcapacita.com\/index.php\/wp-json\/wp\/v2\/comments?post=120"}],"version-history":[{"count":2,"href":"https:\/\/marcapacita.com\/index.php\/wp-json\/wp\/v2\/posts\/120\/revisions"}],"predecessor-version":[{"id":130,"href":"https:\/\/marcapacita.com\/index.php\/wp-json\/wp\/v2\/posts\/120\/revisions\/130"}],"wp:attachment":[{"href":"https:\/\/marcapacita.com\/index.php\/wp-json\/wp\/v2\/media?parent=120"}],"wp:term":[{"taxonomy":"category","embeddable":true,"href":"https:\/\/marcapacita.com\/index.php\/wp-json\/wp\/v2\/categories?post=120"},{"taxonomy":"post_tag","embeddable":true,"href":"https:\/\/marcapacita.com\/index.php\/wp-json\/wp\/v2\/tags?post=120"}],"curies":[{"name":"wp","href":"https:\/\/api.w.org\/{rel}","templated":true}]}}