{"id":116,"date":"2023-07-19T09:56:07","date_gmt":"2023-07-19T12:56:07","guid":{"rendered":"https:\/\/marcapacita.com\/?p=116"},"modified":"2023-07-19T09:56:08","modified_gmt":"2023-07-19T12:56:08","slug":"prazo-de-protecao-da-marca","status":"publish","type":"post","link":"https:\/\/marcapacita.com\/index.php\/2023\/07\/19\/prazo-de-protecao-da-marca\/","title":{"rendered":"Uma vez Registrada uma Marca, registrada para Sempre?"},"content":{"rendered":"\n<figure class=\"wp-block-image size-large\"><img decoding=\"async\" width=\"1024\" height=\"576\" src=\"https:\/\/marcapacita.com\/wp-content\/uploads\/2023\/07\/Sem-nome-Apresentacao-169-2-1024x576.png\" alt=\"\" class=\"wp-image-117\" srcset=\"https:\/\/marcapacita.com\/wp-content\/uploads\/2023\/07\/Sem-nome-Apresentacao-169-2-1024x576.png 1024w, https:\/\/marcapacita.com\/wp-content\/uploads\/2023\/07\/Sem-nome-Apresentacao-169-2-300x169.png 300w, https:\/\/marcapacita.com\/wp-content\/uploads\/2023\/07\/Sem-nome-Apresentacao-169-2-768x432.png 768w, https:\/\/marcapacita.com\/wp-content\/uploads\/2023\/07\/Sem-nome-Apresentacao-169-2-1536x864.png 1536w, https:\/\/marcapacita.com\/wp-content\/uploads\/2023\/07\/Sem-nome-Apresentacao-169-2-600x338.png 600w, https:\/\/marcapacita.com\/wp-content\/uploads\/2023\/07\/Sem-nome-Apresentacao-169-2.png 1920w\" sizes=\"(max-width: 1024px) 100vw, 1024px\" \/><\/figure>\n\n\n\n<p><\/p>\n\n\n\n<p>Qual a dura\u00e7\u00e3o da prote\u00e7\u00e3o conferida pelo registro de marca? Entenda os <strong>prazos de prote\u00e7\u00e3o, renova\u00e7\u00e3o e poss\u00edveis extin\u00e7\u00f5es do registro de marca<\/strong> com base na Lei de Propriedade Industrial (LPI).<\/p>\n\n\n\n<p>O registro de marca \u00e9 um passo essencial a ser dado por quem empreende. Al\u00e9m de demonstrar a maturidade do seu neg\u00f3cio, o registro ajuda a economizar dinheiro, tempo e rem\u00e9dios para dor de cabe\u00e7a.\u00a0Nesse outro artigo voc\u00ea pode conferir as vantagens de fazer o registro: <a href=\"https:\/\/marcapacita.com\/index.php\/2023\/07\/05\/vale-a-pena-registrar-a-minha-marca\/\" target=\"_blank\" rel=\"noreferrer noopener\">Vale a pena registrar a minha marca?<\/a><\/p>\n\n\n\n<p>No entanto, voc\u00ea deve compreender que o registro n\u00e3o garante prote\u00e7\u00e3o eterna. De acordo com a Lei de Propriedade Industrial (LPI), existem prazos e condi\u00e7\u00f5es que devem ser observados.\u00a0<\/p>\n\n\n\n<p>Neste artigo, voc\u00ea vai ver os prazos de prote\u00e7\u00e3o, renova\u00e7\u00e3o e poss\u00edveis extin\u00e7\u00f5es de um registro de marca com base na LPI. \u00c9 crucial possuir essas informa\u00e7\u00f5es para garantir a seguran\u00e7a cont\u00ednua da sua marca. N\u00e3o deixe de conferir tamb\u00e9m nosso curso especializado em registro de marcas, que fornecer\u00e1 conhecimentos abrangentes sobre o tema.<\/p>\n\n\n\n<h3 class=\"wp-block-heading\">Prorroga\u00e7\u00e3o do registro<\/h3>\n\n\n\n<p>Conforme o <a href=\"https:\/\/www.planalto.gov.br\/ccivil_03\/leis\/l9279.htm\" target=\"_blank\" rel=\"noreferrer noopener\">artigo 133 da LPI<\/a>, o registro de uma marca tem validade de 10 anos, contados a partir da data de concess\u00e3o do registro. No entanto, o registro pode ser prorrogado por per\u00edodos iguais e sucessivos. Para solicitar a prorroga\u00e7\u00e3o, \u00e9 necess\u00e1rio observar algumas condi\u00e7\u00f5es:<\/p>\n\n\n\n<ul>\n<li>O pedido de prorroga\u00e7\u00e3o deve ser feito durante o \u00faltimo ano de vig\u00eancia do registro, conforme o \u00a7 1\u00ba do artigo 133 da LPI.<\/li>\n\n\n\n<li>Caso o pedido n\u00e3o seja feito no \u00faltimo ano de vig\u00eancia, o titular ainda pode solicit\u00e1-lo no prazo de 6 meses ap\u00f3s o t\u00e9rmino do per\u00edodo de prote\u00e7\u00e3o. Nesse caso, ser\u00e1 necess\u00e1rio pagar uma retribui\u00e7\u00e3o adicional, conforme o \u00a7 2\u00ba do artigo 133 da LPI.<\/li>\n<\/ul>\n\n\n\n<h3 class=\"wp-block-heading\">Caducidade do registro<\/h3>\n\n\n\n<p>A caducidade do registro ocorre quando o titular n\u00e3o utiliza a marca conforme registrada ou interrompe seu uso por mais de 5 anos consecutivos, sem justificativas leg\u00edtimas.&nbsp;<\/p>\n\n\n\n<p>O artigo 143 da LPI estabelece que qualquer pessoa com leg\u00edtimo interesse pode requerer a caducidade do registro ap\u00f3s 5 anos da sua concess\u00e3o. O titular tem o \u00f4nus de provar o uso da marca ou justificar o desuso por raz\u00f5es leg\u00edtimas dentro do prazo de 60 dias, a partir da notifica\u00e7\u00e3o de caducidade.<\/p>\n\n\n\n<h3 class=\"wp-block-heading\">Extin\u00e7\u00e3o do registro<\/h3>\n\n\n\n<p>Existem diversas situa\u00e7\u00f5es em que o registro de uma marca pode ser extinto, conforme estabelecido no artigo 142 da LPI. A extin\u00e7\u00e3o pode ocorrer por:<\/p>\n\n\n\n<ul>\n<li>Expira\u00e7\u00e3o do prazo de vig\u00eancia: Se o titular n\u00e3o solicitar a prorroga\u00e7\u00e3o dentro do \u00faltimo ano de vig\u00eancia ou nos 6 meses subsequentes ao t\u00e9rmino do per\u00edodo de 10 anos.<\/li>\n\n\n\n<li>Ren\u00fancia total ou parcial: O titular pode renunciar ao registro total ou parcialmente, mediante peti\u00e7\u00e3o espec\u00edfica, acompanhada de procura\u00e7\u00e3o outorgando poderes espec\u00edficos.<\/li>\n\n\n\n<li>Caducidade: Quando ocorre o requerimento de caducidade por parte de terceiros, comprovando que a marca n\u00e3o foi utilizada ou que houve interrup\u00e7\u00e3o do uso por mais de 5 anos consecutivos.<\/li>\n\n\n\n<li>Inobserv\u00e2ncia do artigo 217 da LPI: Caso o titular seja uma pessoa n\u00e3o domiciliada no pa\u00eds e n\u00e3o constitua ou mantenha procurador no Brasil para represent\u00e1-lo judicial e administrativamente.<\/li>\n<\/ul>\n\n\n\n<p>Embora o registro de marca seja essencial para proteger sua identidade no mercado, \u00e9 importante que voc\u00ea entenda os prazos e as condi\u00e7\u00f5es estabelecidos pela Lei de Propriedade Industrial (LPI) para saber o prazo de dura\u00e7\u00e3o do registro.\u00a0<\/p>\n\n\n\n<p>A prorroga\u00e7\u00e3o do registro \u00e9 necess\u00e1ria para garantir a prote\u00e7\u00e3o cont\u00ednua da marca, evitando sua caducidade ou extin\u00e7\u00e3o. \u00c9 fundamental cumprir os prazos e requisitos legais para manter seus direitos sobre a marca.&nbsp;<\/p>\n\n\n\n<p>Nosso <strong><a href=\"https:\/\/marcapacita.com\/index.php\/curso-registro-marca\/\" target=\"_blank\" rel=\"noreferrer noopener\">CURSO DE REGISTRO DE MARCAS<\/a><\/strong> oferece conhecimentos abrangentes sobre os aspectos legais e pr\u00e1ticos do processo, ajudando voc\u00ea a garantir a seguran\u00e7a duradoura da sua marca. Invista na prote\u00e7\u00e3o e no sucesso cont\u00ednuo da sua marca, inscreva-se em nosso curso hoje mesmo.<\/p>\n\n\n\n<div class=\"wp-block-buttons is-layout-flex wp-block-buttons-is-layout-flex\">\n<div class=\"wp-block-button is-style-fill\"><a class=\"wp-block-button__link wp-element-button\" href=\"https:\/\/marcapacita.com\/index.php\/curso-registro-marca\/\" target=\"_blank\" rel=\"noreferrer noopener\">CURSO DE REGISTRO DE MARCAS: TEORIA E PR\u00c1TICA<\/a><\/div>\n<\/div>\n","protected":false},"excerpt":{"rendered":"<p>Qual a dura\u00e7\u00e3o da prote\u00e7\u00e3o conferida pelo registro de marca? Entenda os prazos de prote\u00e7\u00e3o, renova\u00e7\u00e3o e poss\u00edveis extin\u00e7\u00f5es do registro de marca com base na Lei de Propriedade Industrial (LPI). O registro de marca \u00e9 um passo essencial a ser dado por quem empreende. Al\u00e9m de demonstrar a maturidade do seu neg\u00f3cio, o registro &#8230; <a title=\"Uma vez Registrada uma Marca, registrada para Sempre?\" class=\"read-more\" href=\"https:\/\/marcapacita.com\/index.php\/2023\/07\/19\/prazo-de-protecao-da-marca\/\" aria-label=\"More on Uma vez Registrada uma Marca, registrada para Sempre?\">Read more<\/a><\/p>\n","protected":false},"author":1,"featured_media":0,"comment_status":"open","ping_status":"open","sticky":false,"template":"","format":"standard","meta":{"om_disable_all_campaigns":false,"_monsterinsights_skip_tracking":false,"_monsterinsights_sitenote_active":false,"_monsterinsights_sitenote_note":"","_monsterinsights_sitenote_category":0,"footnotes":""},"categories":[1],"tags":[],"yoast_head":"<!-- This site is optimized with the Yoast SEO plugin v20.12 - https:\/\/yoast.com\/wordpress\/plugins\/seo\/ -->\n<title>Uma vez Registrada uma Marca, registrada para Sempre? - marcapacita.com<\/title>\n<meta name=\"description\" content=\"Qual a dura\u00e7\u00e3o da prote\u00e7\u00e3o conferida pelo registro de marca? Entenda os prazos de prote\u00e7\u00e3o, renova\u00e7\u00e3o e poss\u00edveis extin\u00e7\u00f5es do registro.\" \/>\n<meta name=\"robots\" content=\"index, follow, max-snippet:-1, max-image-preview:large, max-video-preview:-1\" \/>\n<link rel=\"canonical\" href=\"https:\/\/marcapacita.com\/index.php\/2023\/07\/19\/prazo-de-protecao-da-marca\/\" \/>\n<meta property=\"og:locale\" content=\"en_US\" \/>\n<meta property=\"og:type\" content=\"article\" \/>\n<meta property=\"og:title\" content=\"Uma vez Registrada uma Marca, registrada para Sempre? - marcapacita.com\" \/>\n<meta property=\"og:description\" content=\"Qual a dura\u00e7\u00e3o da prote\u00e7\u00e3o conferida pelo registro de marca? Entenda os prazos de prote\u00e7\u00e3o, renova\u00e7\u00e3o e poss\u00edveis extin\u00e7\u00f5es do registro.\" \/>\n<meta property=\"og:url\" content=\"https:\/\/marcapacita.com\/index.php\/2023\/07\/19\/prazo-de-protecao-da-marca\/\" \/>\n<meta property=\"og:site_name\" content=\"marcapacita.com\" \/>\n<meta property=\"article:published_time\" content=\"2023-07-19T12:56:07+00:00\" \/>\n<meta property=\"article:modified_time\" content=\"2023-07-19T12:56:08+00:00\" \/>\n<meta property=\"og:image\" content=\"https:\/\/marcapacita.com\/wp-content\/uploads\/2023\/07\/Sem-nome-Apresentacao-169-2-1024x576.png\" \/>\n<meta name=\"author\" content=\"Reinaldo Barbosa\" \/>\n<meta name=\"twitter:card\" content=\"summary_large_image\" \/>\n<meta name=\"twitter:label1\" content=\"Written by\" \/>\n\t<meta name=\"twitter:data1\" content=\"Reinaldo Barbosa\" \/>\n\t<meta name=\"twitter:label2\" content=\"Est. reading time\" \/>\n\t<meta name=\"twitter:data2\" content=\"4 minutes\" \/>\n<script type=\"application\/ld+json\" class=\"yoast-schema-graph\">{\"@context\":\"https:\/\/schema.org\",\"@graph\":[{\"@type\":\"Article\",\"@id\":\"https:\/\/marcapacita.com\/index.php\/2023\/07\/19\/prazo-de-protecao-da-marca\/#article\",\"isPartOf\":{\"@id\":\"https:\/\/marcapacita.com\/index.php\/2023\/07\/19\/prazo-de-protecao-da-marca\/\"},\"author\":{\"name\":\"Reinaldo Barbosa\",\"@id\":\"https:\/\/marcapacita.com\/#\/schema\/person\/fd7f9bab7cf57549e2963d96d2d12cb8\"},\"headline\":\"Uma vez Registrada uma Marca, registrada para Sempre?\",\"datePublished\":\"2023-07-19T12:56:07+00:00\",\"dateModified\":\"2023-07-19T12:56:08+00:00\",\"mainEntityOfPage\":{\"@id\":\"https:\/\/marcapacita.com\/index.php\/2023\/07\/19\/prazo-de-protecao-da-marca\/\"},\"wordCount\":698,\"commentCount\":0,\"publisher\":{\"@id\":\"https:\/\/marcapacita.com\/#organization\"},\"articleSection\":[\"Blog\"],\"inLanguage\":\"en-US\",\"potentialAction\":[{\"@type\":\"CommentAction\",\"name\":\"Comment\",\"target\":[\"https:\/\/marcapacita.com\/index.php\/2023\/07\/19\/prazo-de-protecao-da-marca\/#respond\"]}]},{\"@type\":\"WebPage\",\"@id\":\"https:\/\/marcapacita.com\/index.php\/2023\/07\/19\/prazo-de-protecao-da-marca\/\",\"url\":\"https:\/\/marcapacita.com\/index.php\/2023\/07\/19\/prazo-de-protecao-da-marca\/\",\"name\":\"Uma vez Registrada uma Marca, registrada para Sempre? - marcapacita.com\",\"isPartOf\":{\"@id\":\"https:\/\/marcapacita.com\/#website\"},\"datePublished\":\"2023-07-19T12:56:07+00:00\",\"dateModified\":\"2023-07-19T12:56:08+00:00\",\"description\":\"Qual a dura\u00e7\u00e3o da prote\u00e7\u00e3o conferida pelo registro de marca? Entenda os prazos de prote\u00e7\u00e3o, renova\u00e7\u00e3o e poss\u00edveis extin\u00e7\u00f5es do registro.\",\"breadcrumb\":{\"@id\":\"https:\/\/marcapacita.com\/index.php\/2023\/07\/19\/prazo-de-protecao-da-marca\/#breadcrumb\"},\"inLanguage\":\"en-US\",\"potentialAction\":[{\"@type\":\"ReadAction\",\"target\":[\"https:\/\/marcapacita.com\/index.php\/2023\/07\/19\/prazo-de-protecao-da-marca\/\"]}]},{\"@type\":\"BreadcrumbList\",\"@id\":\"https:\/\/marcapacita.com\/index.php\/2023\/07\/19\/prazo-de-protecao-da-marca\/#breadcrumb\",\"itemListElement\":[{\"@type\":\"ListItem\",\"position\":1,\"name\":\"In\u00edcio\",\"item\":\"https:\/\/marcapacita.com\/\"},{\"@type\":\"ListItem\",\"position\":2,\"name\":\"Uma vez Registrada uma Marca, registrada para Sempre?\"}]},{\"@type\":\"WebSite\",\"@id\":\"https:\/\/marcapacita.com\/#website\",\"url\":\"https:\/\/marcapacita.com\/\",\"name\":\"marcapacita.com\",\"description\":\"\",\"publisher\":{\"@id\":\"https:\/\/marcapacita.com\/#organization\"},\"potentialAction\":[{\"@type\":\"SearchAction\",\"target\":{\"@type\":\"EntryPoint\",\"urlTemplate\":\"https:\/\/marcapacita.com\/?s={search_term_string}\"},\"query-input\":\"required name=search_term_string\"}],\"inLanguage\":\"en-US\"},{\"@type\":\"Organization\",\"@id\":\"https:\/\/marcapacita.com\/#organization\",\"name\":\"marcapacita.com\",\"url\":\"https:\/\/marcapacita.com\/\",\"logo\":{\"@type\":\"ImageObject\",\"inLanguage\":\"en-US\",\"@id\":\"https:\/\/marcapacita.com\/#\/schema\/logo\/image\/\",\"url\":\"https:\/\/marcapacita.com\/wp-content\/uploads\/2023\/07\/cropped-WhatsApp-Image-2023-07-03-at-14.54.35.jpeg\",\"contentUrl\":\"https:\/\/marcapacita.com\/wp-content\/uploads\/2023\/07\/cropped-WhatsApp-Image-2023-07-03-at-14.54.35.jpeg\",\"width\":1080,\"height\":279,\"caption\":\"marcapacita.com\"},\"image\":{\"@id\":\"https:\/\/marcapacita.com\/#\/schema\/logo\/image\/\"}},{\"@type\":\"Person\",\"@id\":\"https:\/\/marcapacita.com\/#\/schema\/person\/fd7f9bab7cf57549e2963d96d2d12cb8\",\"name\":\"Reinaldo Barbosa\",\"image\":{\"@type\":\"ImageObject\",\"inLanguage\":\"en-US\",\"@id\":\"https:\/\/marcapacita.com\/#\/schema\/person\/image\/\",\"url\":\"https:\/\/secure.gravatar.com\/avatar\/4695692a387ac0d6c607729bc7857a23?s=96&d=mm&r=g\",\"contentUrl\":\"https:\/\/secure.gravatar.com\/avatar\/4695692a387ac0d6c607729bc7857a23?s=96&d=mm&r=g\",\"caption\":\"Reinaldo Barbosa\"},\"sameAs\":[\"http:\/\/marcapacita.com\",\"https:\/\/instagram.com\/marcapacita?igshid=MzNlNGNkZWQ4Mg==\"],\"url\":\"https:\/\/marcapacita.com\/index.php\/author\/marcapacita-com\/\"}]}<\/script>\n<!-- \/ Yoast SEO plugin. -->","yoast_head_json":{"title":"Uma vez Registrada uma Marca, registrada para Sempre? - marcapacita.com","description":"Qual a dura\u00e7\u00e3o da prote\u00e7\u00e3o conferida pelo registro de marca? Entenda os prazos de prote\u00e7\u00e3o, renova\u00e7\u00e3o e poss\u00edveis extin\u00e7\u00f5es do registro.","robots":{"index":"index","follow":"follow","max-snippet":"max-snippet:-1","max-image-preview":"max-image-preview:large","max-video-preview":"max-video-preview:-1"},"canonical":"https:\/\/marcapacita.com\/index.php\/2023\/07\/19\/prazo-de-protecao-da-marca\/","og_locale":"en_US","og_type":"article","og_title":"Uma vez Registrada uma Marca, registrada para Sempre? - marcapacita.com","og_description":"Qual a dura\u00e7\u00e3o da prote\u00e7\u00e3o conferida pelo registro de marca? Entenda os prazos de prote\u00e7\u00e3o, renova\u00e7\u00e3o e poss\u00edveis extin\u00e7\u00f5es do registro.","og_url":"https:\/\/marcapacita.com\/index.php\/2023\/07\/19\/prazo-de-protecao-da-marca\/","og_site_name":"marcapacita.com","article_published_time":"2023-07-19T12:56:07+00:00","article_modified_time":"2023-07-19T12:56:08+00:00","og_image":[{"url":"https:\/\/marcapacita.com\/wp-content\/uploads\/2023\/07\/Sem-nome-Apresentacao-169-2-1024x576.png"}],"author":"Reinaldo Barbosa","twitter_card":"summary_large_image","twitter_misc":{"Written by":"Reinaldo Barbosa","Est. reading time":"4 minutes"},"schema":{"@context":"https:\/\/schema.org","@graph":[{"@type":"Article","@id":"https:\/\/marcapacita.com\/index.php\/2023\/07\/19\/prazo-de-protecao-da-marca\/#article","isPartOf":{"@id":"https:\/\/marcapacita.com\/index.php\/2023\/07\/19\/prazo-de-protecao-da-marca\/"},"author":{"name":"Reinaldo Barbosa","@id":"https:\/\/marcapacita.com\/#\/schema\/person\/fd7f9bab7cf57549e2963d96d2d12cb8"},"headline":"Uma vez Registrada uma Marca, registrada para Sempre?","datePublished":"2023-07-19T12:56:07+00:00","dateModified":"2023-07-19T12:56:08+00:00","mainEntityOfPage":{"@id":"https:\/\/marcapacita.com\/index.php\/2023\/07\/19\/prazo-de-protecao-da-marca\/"},"wordCount":698,"commentCount":0,"publisher":{"@id":"https:\/\/marcapacita.com\/#organization"},"articleSection":["Blog"],"inLanguage":"en-US","potentialAction":[{"@type":"CommentAction","name":"Comment","target":["https:\/\/marcapacita.com\/index.php\/2023\/07\/19\/prazo-de-protecao-da-marca\/#respond"]}]},{"@type":"WebPage","@id":"https:\/\/marcapacita.com\/index.php\/2023\/07\/19\/prazo-de-protecao-da-marca\/","url":"https:\/\/marcapacita.com\/index.php\/2023\/07\/19\/prazo-de-protecao-da-marca\/","name":"Uma vez Registrada uma Marca, registrada para Sempre? - marcapacita.com","isPartOf":{"@id":"https:\/\/marcapacita.com\/#website"},"datePublished":"2023-07-19T12:56:07+00:00","dateModified":"2023-07-19T12:56:08+00:00","description":"Qual a dura\u00e7\u00e3o da prote\u00e7\u00e3o conferida pelo registro de marca? Entenda os prazos de prote\u00e7\u00e3o, renova\u00e7\u00e3o e poss\u00edveis extin\u00e7\u00f5es do registro.","breadcrumb":{"@id":"https:\/\/marcapacita.com\/index.php\/2023\/07\/19\/prazo-de-protecao-da-marca\/#breadcrumb"},"inLanguage":"en-US","potentialAction":[{"@type":"ReadAction","target":["https:\/\/marcapacita.com\/index.php\/2023\/07\/19\/prazo-de-protecao-da-marca\/"]}]},{"@type":"BreadcrumbList","@id":"https:\/\/marcapacita.com\/index.php\/2023\/07\/19\/prazo-de-protecao-da-marca\/#breadcrumb","itemListElement":[{"@type":"ListItem","position":1,"name":"In\u00edcio","item":"https:\/\/marcapacita.com\/"},{"@type":"ListItem","position":2,"name":"Uma vez Registrada uma Marca, registrada para Sempre?"}]},{"@type":"WebSite","@id":"https:\/\/marcapacita.com\/#website","url":"https:\/\/marcapacita.com\/","name":"marcapacita.com","description":"","publisher":{"@id":"https:\/\/marcapacita.com\/#organization"},"potentialAction":[{"@type":"SearchAction","target":{"@type":"EntryPoint","urlTemplate":"https:\/\/marcapacita.com\/?s={search_term_string}"},"query-input":"required name=search_term_string"}],"inLanguage":"en-US"},{"@type":"Organization","@id":"https:\/\/marcapacita.com\/#organization","name":"marcapacita.com","url":"https:\/\/marcapacita.com\/","logo":{"@type":"ImageObject","inLanguage":"en-US","@id":"https:\/\/marcapacita.com\/#\/schema\/logo\/image\/","url":"https:\/\/marcapacita.com\/wp-content\/uploads\/2023\/07\/cropped-WhatsApp-Image-2023-07-03-at-14.54.35.jpeg","contentUrl":"https:\/\/marcapacita.com\/wp-content\/uploads\/2023\/07\/cropped-WhatsApp-Image-2023-07-03-at-14.54.35.jpeg","width":1080,"height":279,"caption":"marcapacita.com"},"image":{"@id":"https:\/\/marcapacita.com\/#\/schema\/logo\/image\/"}},{"@type":"Person","@id":"https:\/\/marcapacita.com\/#\/schema\/person\/fd7f9bab7cf57549e2963d96d2d12cb8","name":"Reinaldo Barbosa","image":{"@type":"ImageObject","inLanguage":"en-US","@id":"https:\/\/marcapacita.com\/#\/schema\/person\/image\/","url":"https:\/\/secure.gravatar.com\/avatar\/4695692a387ac0d6c607729bc7857a23?s=96&d=mm&r=g","contentUrl":"https:\/\/secure.gravatar.com\/avatar\/4695692a387ac0d6c607729bc7857a23?s=96&d=mm&r=g","caption":"Reinaldo Barbosa"},"sameAs":["http:\/\/marcapacita.com","https:\/\/instagram.com\/marcapacita?igshid=MzNlNGNkZWQ4Mg=="],"url":"https:\/\/marcapacita.com\/index.php\/author\/marcapacita-com\/"}]}},"_links":{"self":[{"href":"https:\/\/marcapacita.com\/index.php\/wp-json\/wp\/v2\/posts\/116"}],"collection":[{"href":"https:\/\/marcapacita.com\/index.php\/wp-json\/wp\/v2\/posts"}],"about":[{"href":"https:\/\/marcapacita.com\/index.php\/wp-json\/wp\/v2\/types\/post"}],"author":[{"embeddable":true,"href":"https:\/\/marcapacita.com\/index.php\/wp-json\/wp\/v2\/users\/1"}],"replies":[{"embeddable":true,"href":"https:\/\/marcapacita.com\/index.php\/wp-json\/wp\/v2\/comments?post=116"}],"version-history":[{"count":1,"href":"https:\/\/marcapacita.com\/index.php\/wp-json\/wp\/v2\/posts\/116\/revisions"}],"predecessor-version":[{"id":118,"href":"https:\/\/marcapacita.com\/index.php\/wp-json\/wp\/v2\/posts\/116\/revisions\/118"}],"wp:attachment":[{"href":"https:\/\/marcapacita.com\/index.php\/wp-json\/wp\/v2\/media?parent=116"}],"wp:term":[{"taxonomy":"category","embeddable":true,"href":"https:\/\/marcapacita.com\/index.php\/wp-json\/wp\/v2\/categories?post=116"},{"taxonomy":"post_tag","embeddable":true,"href":"https:\/\/marcapacita.com\/index.php\/wp-json\/wp\/v2\/tags?post=116"}],"curies":[{"name":"wp","href":"https:\/\/api.w.org\/{rel}","templated":true}]}}